{"id":20575,"date":"2026-08-31T17:40:16","date_gmt":"2026-08-31T15:40:16","guid":{"rendered":"https:\/\/petitecave.ch\/?p=20575"},"modified":"2026-09-01T12:04:45","modified_gmt":"2026-09-01T10:04:45","slug":"les-accords-mets-vins-de-septembre","status":"publish","type":"post","link":"https:\/\/petitecave.ch\/de\/les-accords-mets-vins-de-septembre\/","title":{"rendered":"Les accords mets &amp; vins de septembre"},"content":{"rendered":"<div data-elementor-type=\"wp-post\" data-elementor-id=\"20575\" class=\"elementor elementor-20575\" data-elementor-post-type=\"post\">\n\t\t\t\t<div class=\"elementor-element elementor-element-7d4b2ac e-flex e-con-boxed e-con e-parent\" data-id=\"7d4b2ac\" data-element_type=\"container\" data-e-type=\"container\">\n\t\t\t\t\t<div class=\"e-con-inner\">\n\t\t\t\t<div class=\"elementor-element elementor-element-1ed39c7 elementor-widget elementor-widget-heading\" data-id=\"1ed39c7\" data-element_type=\"widget\" data-e-type=\"widget\" data-widget_type=\"heading.default\">\n\t\t\t\t\t<h4 class=\"elementor-heading-title elementor-size-default\">Septembre marque un tournant dans nos assiettes. Les tomates du jardin laissent peu \u00e0 peu place aux champignons, le gibier fait son retour sur les tables, et on a de nouveau envie de plats qui r\u00e9chauffent. C'est aussi le moment id\u00e9al pour repenser ce qu'on met dans nos verres. <br>Voici nos suggestions pour accompagner les classiques de la saison.<\/h4>\t\t\t\t<\/div>\n\t\t\t\t\t<\/div>\n\t\t\t\t<\/div>\n\t\t<div class=\"elementor-element elementor-element-3e65066 e-flex e-con-boxed e-con e-parent\" data-id=\"3e65066\" data-element_type=\"container\" data-e-type=\"container\">\n\t\t\t\t\t<div class=\"e-con-inner\">\n\t\t<div class=\"elementor-element elementor-element-b9a2c8b e-con-full e-flex e-con e-child\" data-id=\"b9a2c8b\" data-element_type=\"container\" data-e-type=\"container\">\n\t\t\t\t<div class=\"elementor-element elementor-element-5a98c86 elementor-widget__width-auto elementor-widget elementor-widget-image\" data-id=\"5a98c86\" data-element_type=\"widget\" data-e-type=\"widget\" data-widget_type=\"image.default\">\n\t\t\t\t\t\t\t\t\t\t\t\t\t\t\t<img fetchpriority=\"high\" decoding=\"async\" width=\"800\" height=\"1024\" src=\"https:\/\/petitecave.ch\/wp-content\/uploads\/2026\/08\/Croute-aux-champignons.png\" class=\"attachment-large size-large wp-image-20597\" alt=\"Cro\u00fbte aux champignons\" srcset=\"https:\/\/petitecave.ch\/wp-content\/uploads\/2026\/08\/Croute-aux-champignons.png 800w, https:\/\/petitecave.ch\/wp-content\/uploads\/2026\/08\/Croute-aux-champignons-234x300.png 234w, https:\/\/petitecave.ch\/wp-content\/uploads\/2026\/08\/Croute-aux-champignons-768x983.png 768w, https:\/\/petitecave.ch\/wp-content\/uploads\/2026\/08\/Croute-aux-champignons-9x12.png 9w, https:\/\/petitecave.ch\/wp-content\/uploads\/2026\/08\/Croute-aux-champignons-600x768.png 600w\" sizes=\"(max-width: 800px) 100vw, 800px\" \/>\t\t\t\t\t\t\t\t\t\t\t\t\t\t\t<\/div>\n\t\t\t\t<\/div>\n\t\t<div class=\"elementor-element elementor-element-b03b1d1 e-con-full e-flex e-con e-child\" data-id=\"b03b1d1\" data-element_type=\"container\" data-e-type=\"container\">\n\t\t\t\t<div class=\"elementor-element elementor-element-6bf9282 elementor-widget__width-auto elementor-widget elementor-widget-heading\" data-id=\"6bf9282\" data-element_type=\"widget\" data-e-type=\"widget\" data-widget_type=\"heading.default\">\n\t\t\t\t\t<h5 class=\"elementor-heading-title elementor-size-default\">1. La cro\u00fbte aux champignons<\/h5>\t\t\t\t<\/div>\n\t\t\t\t<div class=\"elementor-element elementor-element-2a6751f elementor-widget__width-auto elementor-widget elementor-widget-text-editor\" data-id=\"2a6751f\" data-element_type=\"widget\" data-e-type=\"widget\" data-widget_type=\"text-editor.default\">\n\t\t\t\t\t\t\t\t\t<p><span style=\"color: #000000;\">C&rsquo;est LE plat qui annonce l&rsquo;automne. Les champignons apportent des notes terreuses et <span style=\"text-decoration: underline;\"><a style=\"color: #000000; text-decoration: underline;\" href=\"https:\/\/fr.wikipedia.org\/wiki\/Umami\">umami<\/a><\/span> qu&rsquo;il faut accompagner sans les \u00e9craser.<\/span><\/p>\n<p><span style=\"color: #000000;\">Un <b>blanc avec un peu de gras et de<\/b> <b>rondeur <\/b>fonctionne particuli\u00e8rement bien : Un <a style=\"color: #000000;\" href=\"https:\/\/petitecave.ch\/de\/product-category\/vins\/?filter_categorie=vins-blancs&amp;filter_cepages=chardonnay\"><span style=\"text-decoration: underline;\"><b>Chardonnay<\/b><\/span><\/a><b> <\/b><\/span><span style=\"color: #000000;\">\u00e9lev\u00e9 en f\u00fbt) ou un <\/span><span style=\"text-decoration: underline;\"><b><a style=\"color: #000000; text-decoration: underline;\" href=\"https:\/\/petitecave.ch\/de\/product-category\/vins\/?filter_categorie=vins-blancs&amp;filter_cepages=fendant-chasselas\">Fendant<\/a> <\/b><\/span><span style=\"color: #000000;\">vieilles vignes. Si tu pr\u00e9f\u00e8res le rouge, un <\/span><span style=\"text-decoration: underline;\"><a style=\"color: #000000; text-decoration: underline;\" href=\"https:\/\/petitecave.ch\/de\/product-category\/vins\/?filter_categorie=vins-rouges&amp;filter_cepages=pinot-noir\"><b>Pinot Noir <\/b><\/a><\/span><span style=\"color: #000000;\">l\u00e9ger, peu tannique, avec des notes de sous-bois, sera un excellent compagnon : il fait \u00e9cho aux ar\u00f4mes du plat plut\u00f4t que de lui faire concurrence.<\/span><\/p>\n<p><span style=\"color: #000000;\"><em><strong>Pour sortir des sentiers battus :<\/strong><\/em> essaye un <b>vin jaune, <\/b>ses notes oxydatives et sa texture presque tannique r\u00e9pondent superbement \u00e0 l&rsquo;umami des champignons, d&rsquo;une fa\u00e7on qu&rsquo;aucun blanc classique ne peut vraiment offrir.<\/span><\/p>\t\t\t\t\t\t\t\t<\/div>\n\t\t\t\t<\/div>\n\t\t\t\t\t<\/div>\n\t\t\t\t<\/div>\n\t\t<div class=\"elementor-element elementor-element-8539165 e-flex e-con-boxed e-con e-parent\" data-id=\"8539165\" data-element_type=\"container\" data-e-type=\"container\">\n\t\t\t\t\t<div class=\"e-con-inner\">\n\t\t<div class=\"elementor-element elementor-element-f2334ce e-con-full e-flex e-con e-child\" data-id=\"f2334ce\" data-element_type=\"container\" data-e-type=\"container\">\n\t\t\t\t<div class=\"elementor-element elementor-element-b58e966 elementor-widget__width-auto elementor-widget elementor-widget-heading\" data-id=\"b58e966\" data-element_type=\"widget\" data-e-type=\"widget\" data-widget_type=\"heading.default\">\n\t\t\t\t\t<h5 class=\"elementor-heading-title elementor-size-default\">2. Les mets de chasse\u200b<\/h5>\t\t\t\t<\/div>\n\t\t\t\t<div class=\"elementor-element elementor-element-963ac2f elementor-widget__width-auto elementor-widget elementor-widget-text-editor\" data-id=\"963ac2f\" data-element_type=\"widget\" data-e-type=\"widget\" data-widget_type=\"text-editor.default\">\n\t\t\t\t\t\t\t\t\t<p><span style=\"color: #000000;\">Civet de chevreuil, selle de sanglier, terrine de cerf&#8230; la chasse demande des vins qui ont du caract\u00e8re, capables de tenir t\u00eate \u00e0 des saveurs intenses et souvent l\u00e9g\u00e8rement sucr\u00e9es-sal\u00e9es (penses aux fruits rouges ou aux airelles qui accompagnent souvent ces plats).<\/span><\/p>\n<p><span style=\"color: #000000;\">C&rsquo;est le terrain de jeu parfait pour nos c\u00e9pages valaisans : un <span style=\"text-decoration: underline;\"><a style=\"color: #000000;\" href=\"https:\/\/petitecave.ch\/de\/product-category\/vins\/?filter_categorie=vins-rouges&amp;filter_cepages=cornalin\"><b>Cornalin<\/b><\/a><\/span>, avec sa structure et ses ar\u00f4mes de fruits noirs, ou une <a style=\"color: #000000;\" href=\"https:\/\/petitecave.ch\/de\/product-category\/vins\/?filter_categorie=vins-rouges&amp;filter_cepages=syrah\"><b><span style=\"text-decoration: underline;\">Syrah<\/span> <\/b><\/a>\u00e9pic\u00e9e et charpent\u00e9e, sauront tenir la distance face \u00e0 ces plats g\u00e9n\u00e9reux. L&rsquo;<span style=\"text-decoration: underline;\"><a style=\"color: #000000;\" href=\"https:\/\/petitecave.ch\/de\/product-category\/vins\/?filter_categorie=vins-rouges&amp;filter_cepages=humagne-rouge\"><b>Humagne Rouge<\/b><\/a><\/span>, plus rustique, est aussi un tr\u00e8s joli clin d&rsquo;\u0153il r\u00e9gional pour accompagner un gibier local.<\/span>\u00a0<\/p>\n<p><span style=\"color: #000000;\"><em><strong>Pour sortir des sentiers battus :<\/strong><\/em> un <strong>vieux Porto Tawny<\/strong>, servi frais, se marie \u00e9tonnamment bien avec un civet ou une terrine, surtout si le plat est accompagn\u00e9 d&rsquo;airelles ou de fruits rouges. Le c\u00f4t\u00e9 fruits secs et l\u00e9g\u00e8rement sucr\u00e9 du Porto prolonge cette note sucr\u00e9e-sal\u00e9e au lieu de la combattre. <em><b>Autre option <\/b><\/em><b>: <\/b>un vin doux type <strong>Vendanges Tardives <\/strong>comme un<strong> Gewurztraminer<\/strong>, qui apporte de la fra\u00eecheur en \u00e9quilibrant la richesse du plat plut\u00f4t qu&rsquo;en l&rsquo;alourdissant.<\/span><\/p>\t\t\t\t\t\t\t\t<\/div>\n\t\t\t\t<\/div>\n\t\t<div class=\"elementor-element elementor-element-610c163 e-con-full e-flex e-con e-child\" data-id=\"610c163\" data-element_type=\"container\" data-e-type=\"container\">\n\t\t\t\t<div class=\"elementor-element elementor-element-fedd593 elementor-widget__width-auto elementor-widget elementor-widget-image\" data-id=\"fedd593\" data-element_type=\"widget\" data-e-type=\"widget\" data-widget_type=\"image.default\">\n\t\t\t\t\t\t\t\t\t\t\t\t\t\t\t<img decoding=\"async\" width=\"800\" height=\"1024\" src=\"https:\/\/petitecave.ch\/wp-content\/uploads\/2026\/08\/Mets-de-chasse.png\" class=\"attachment-large size-large wp-image-20595\" alt=\"Mets de chasse\" srcset=\"https:\/\/petitecave.ch\/wp-content\/uploads\/2026\/08\/Mets-de-chasse.png 800w, https:\/\/petitecave.ch\/wp-content\/uploads\/2026\/08\/Mets-de-chasse-234x300.png 234w, https:\/\/petitecave.ch\/wp-content\/uploads\/2026\/08\/Mets-de-chasse-768x983.png 768w, https:\/\/petitecave.ch\/wp-content\/uploads\/2026\/08\/Mets-de-chasse-9x12.png 9w, https:\/\/petitecave.ch\/wp-content\/uploads\/2026\/08\/Mets-de-chasse-600x768.png 600w\" sizes=\"(max-width: 800px) 100vw, 800px\" \/>\t\t\t\t\t\t\t\t\t\t\t\t\t\t\t<\/div>\n\t\t\t\t<\/div>\n\t\t\t\t\t<\/div>\n\t\t\t\t<\/div>\n\t\t<div class=\"elementor-element elementor-element-d0aaa00 e-flex e-con-boxed e-con e-parent\" data-id=\"d0aaa00\" data-element_type=\"container\" data-e-type=\"container\">\n\t\t\t\t\t<div class=\"e-con-inner\">\n\t\t<div class=\"elementor-element elementor-element-b96eac0 e-con-full e-flex e-con e-child\" data-id=\"b96eac0\" data-element_type=\"container\" data-e-type=\"container\">\n\t\t\t\t<div class=\"elementor-element elementor-element-fb4a39b elementor-widget__width-auto elementor-widget elementor-widget-image\" data-id=\"fb4a39b\" data-element_type=\"widget\" data-e-type=\"widget\" data-widget_type=\"image.default\">\n\t\t\t\t\t\t\t\t\t\t\t\t\t\t\t<img decoding=\"async\" width=\"800\" height=\"1024\" src=\"https:\/\/petitecave.ch\/wp-content\/uploads\/2026\/08\/Mets-au-fromage.png\" class=\"attachment-large size-large wp-image-20594\" alt=\"Mets au fromage\" srcset=\"https:\/\/petitecave.ch\/wp-content\/uploads\/2026\/08\/Mets-au-fromage.png 800w, https:\/\/petitecave.ch\/wp-content\/uploads\/2026\/08\/Mets-au-fromage-234x300.png 234w, https:\/\/petitecave.ch\/wp-content\/uploads\/2026\/08\/Mets-au-fromage-768x983.png 768w, https:\/\/petitecave.ch\/wp-content\/uploads\/2026\/08\/Mets-au-fromage-9x12.png 9w, https:\/\/petitecave.ch\/wp-content\/uploads\/2026\/08\/Mets-au-fromage-600x768.png 600w\" sizes=\"(max-width: 800px) 100vw, 800px\" \/>\t\t\t\t\t\t\t\t\t\t\t\t\t\t\t<\/div>\n\t\t\t\t<\/div>\n\t\t<div class=\"elementor-element elementor-element-348a619 e-con-full e-flex e-con e-child\" data-id=\"348a619\" data-element_type=\"container\" data-e-type=\"container\">\n\t\t\t\t<div class=\"elementor-element elementor-element-816d36c elementor-widget__width-auto elementor-widget elementor-widget-heading\" data-id=\"816d36c\" data-element_type=\"widget\" data-e-type=\"widget\" data-widget_type=\"heading.default\">\n\t\t\t\t\t<h5 class=\"elementor-heading-title elementor-size-default\">3. Les mets au fromage\u200b<\/h5>\t\t\t\t<\/div>\n\t\t\t\t<div class=\"elementor-element elementor-element-0299c62 elementor-widget__width-auto elementor-widget elementor-widget-text-editor\" data-id=\"0299c62\" data-element_type=\"widget\" data-e-type=\"widget\" data-widget_type=\"text-editor.default\">\n\t\t\t\t\t\t\t\t\t<p><span style=\"color: #000000;\">Tout d\u00e9pend du plat, mais voici quelques rep\u00e8res simples :<\/span><\/p>\n<ol>\n<li><span style=\"color: #000000;\">Fondue et raclette : reste sur des <strong>blancs vifs et min\u00e9raux<\/strong> comme le <strong>Fendant<\/strong>. L&rsquo;acidit\u00e9 coupe le gras du fromage fondu et \u00e9vite la lourdeur en fin de repas.<\/span><\/li>\n<li><span style=\"color: #000000;\">Plateau de fromages affin\u00e9s : les <strong>rouges tanniques<\/strong> ont souvent du mal face au fromage, qui a tendance \u00e0 les rendre amers. Un <strong>blanc plus riche<\/strong>, ou m\u00eame un <strong>vin doux naturel <\/strong>comme un<strong> Banyuls<\/strong> pour les fromages bleus, fonctionne \u00e9tonnamment mieux qu&rsquo;on ne le pense.<\/span><\/li>\n<li><span style=\"color: #000000;\">Cro\u00fbte au fromage : comme pour la version champignons, un <strong>blanc rond<\/strong> ou un <strong>rouge l\u00e9ger<\/strong> feront tr\u00e8s bien l&rsquo;affaire.<\/span><\/li>\n<\/ol>\n<p><em><strong><span style=\"color: #000000;\">Pour sortir des sentiers battus :<\/span><\/strong> <\/em><span style=\"color: #000000;\">oublie le vin le temps d&rsquo;un plateau et essayez un <span style=\"text-decoration: underline;\"><a style=\"color: #000000;\" href=\"https:\/\/petitecave.ch\/de\/product\/cidre-kern-25cl\/\"><strong>cidre brut<\/strong><\/a><\/span>. Ses bulles fines et son acidit\u00e9 font un travail remarquable pour nettoyer le palais entre deux fromages, surtout face \u00e0 des p\u00e2tes dures ou des fromages plus cors\u00e9s.<\/span><\/p>\t\t\t\t\t\t\t\t<\/div>\n\t\t\t\t<\/div>\n\t\t\t\t\t<\/div>\n\t\t\t\t<\/div>\n\t\t<div class=\"elementor-element elementor-element-a859b71 e-flex e-con-boxed e-con e-parent\" data-id=\"a859b71\" data-element_type=\"container\" data-e-type=\"container\">\n\t\t\t\t\t<div class=\"e-con-inner\">\n\t\t\t\t<div class=\"elementor-element elementor-element-8a65f84 elementor-widget__width-auto elementor-widget elementor-widget-heading\" data-id=\"8a65f84\" data-element_type=\"widget\" data-e-type=\"widget\" data-widget_type=\"heading.default\">\n\t\t\t\t\t<h5 class=\"elementor-heading-title elementor-size-default\">4. Les autres classiques de l'automne\u200b<\/h5>\t\t\t\t<\/div>\n\t\t\t\t<div class=\"elementor-element elementor-element-dc13fbe elementor-widget__width-auto elementor-widget elementor-widget-text-editor\" data-id=\"dc13fbe\" data-element_type=\"widget\" data-e-type=\"widget\" data-widget_type=\"text-editor.default\">\n\t\t\t\t\t\t\t\t\t<p><span style=\"color: #000000;\">Pour un risotto aux champignons ou \u00e0 la courge, mise sur un <strong>blanc ample<\/strong> ou un <strong>rouge l\u00e9ger<\/strong>, dans le m\u00eame esprit que la cro\u00fbte aux champignons. Pour une pot\u00e9e ou un rago\u00fbt mijot\u00e9 longuement, un <strong>rouge de la vall\u00e9e du Rh\u00f4ne<\/strong>\u00a0ou un <span style=\"text-decoration: underline;\"><a style=\"color: #000000;\" href=\"https:\/\/petitecave.ch\/de\/product-category\/vins\/?filter_categorie=vins-rouges&amp;filter_cepages=gamay\"><strong>Gamay<\/strong><\/a><\/span> avec un peu de rondeur accompagnera parfaitement la richesse du plat sans l&rsquo;alourdir.<\/span><\/p>\n<p><span style=\"color: #000000;\"><em><strong>Pour sortir des sentiers battus :<\/strong><\/em> un cru du <strong>Beaujolais<\/strong> l\u00e9g\u00e8rement rafra\u00eechi (10-12\u00b0C) comme un<strong> Morgon<\/strong> surprend beaucoup de monde sur un risotto \u00e0 la courge : le fruit et la l\u00e9g\u00e8ret\u00e9 du vin all\u00e8gent un plat qui peut vite devenir lourd.<\/span><\/p>\t\t\t\t\t\t\t\t<\/div>\n\t\t\t\t\t<\/div>\n\t\t\t\t<\/div>\n\t\t<div class=\"elementor-element elementor-element-9a54cab e-flex e-con-boxed e-con e-parent\" data-id=\"9a54cab\" data-element_type=\"container\" data-e-type=\"container\">\n\t\t\t\t\t<div class=\"e-con-inner\">\n\t\t\t\t<div class=\"elementor-element elementor-element-12ef04f elementor-widget elementor-widget-heading\" data-id=\"12ef04f\" data-element_type=\"widget\" data-e-type=\"widget\" data-widget_type=\"heading.default\">\n\t\t\t\t\t<h4 class=\"elementor-heading-title elementor-size-default\">Notre conseil :<\/h4>\t\t\t\t<\/div>\n\t\t\t\t\t<\/div>\n\t\t\t\t<\/div>\n\t\t<div class=\"elementor-element elementor-element-559e581 e-flex e-con-boxed e-con e-parent\" data-id=\"559e581\" data-element_type=\"container\" data-e-type=\"container\">\n\t\t\t\t\t<div class=\"e-con-inner\">\n\t\t\t\t<div class=\"elementor-element elementor-element-0e871a1 elementor-widget elementor-widget-text-editor\" data-id=\"0e871a1\" data-element_type=\"widget\" data-e-type=\"widget\" data-widget_type=\"text-editor.default\">\n\t\t\t\t\t\t\t\t\t<p><span style=\"color: #000000;\">Il n&rsquo;y a pas de r\u00e8gle absolue en mati\u00e8re d&rsquo;accords : le meilleur vin est souvent celui qu&rsquo;on aime boire. Ces suggestions sont des pistes pour t&rsquo;aider \u00e0 composer ton repas, pas des obligations. <\/span><\/p>\n<p><span style=\"color: #000000;\">N&rsquo;h\u00e9site pas \u00e0 passer nous voir en magasin pour qu&rsquo;on trouve ensemble la bouteille qui accompagnera ton prochain repas d&rsquo;automne.<\/span><\/p>\n<p><span style=\"color: #000000;\">\u00c0 bient\u00f4t !<\/span><\/p>\t\t\t\t\t\t\t\t<\/div>\n\t\t\t\t\t<\/div>\n\t\t\t\t<\/div>\n\t\t\t\t<\/div>","protected":false},"excerpt":{"rendered":"<p>Septembre marque un tournant dans nos assiettes. Les tomates du jardin laissent peu \u00e0 peu place aux champignons, le gibier fait son retour sur les tables, et on a de nouveau envie de plats qui r\u00e9chauffent. C&rsquo;est aussi le moment id\u00e9al pour repenser ce qu&rsquo;on met dans nos verres.<br \/>\nVoici nos suggestions pour accompagner les classiques de la saison.<\/p>","protected":false},"author":2,"featured_media":20580,"comment_status":"open","ping_status":"open","sticky":false,"template":"","format":"standard","meta":{"footnotes":""},"categories":[1,18],"tags":[],"class_list":["post-20575","post","type-post","status-publish","format-standard","has-post-thumbnail","hentry","category-divers","category-en-vedette","_wholesalex wsx-wholesalex-product"],"yoast_head":"<!-- This site is optimized with the Yoast SEO plugin v28.4 - https:\/\/yoast.com\/product\/yoast-seo-wordpress\/ -->\n<title>Les accords mets &amp; vins de septembre | La Petite Cave du Chablais<\/title>\n<meta name=\"description\" content=\"Septembre marque un tournant dans nos assiettes, voici nos suggestions pour accompagner les classiques de la saison.\" \/>\n<meta name=\"robots\" content=\"index, follow, max-snippet:-1, max-image-preview:large, max-video-preview:-1\" \/>\n<link rel=\"canonical\" href=\"https:\/\/petitecave.ch\/de\/les-accords-mets-vins-de-septembre\/\" \/>\n<meta property=\"og:locale\" content=\"de_DE\" \/>\n<meta property=\"og:type\" content=\"article\" \/>\n<meta property=\"og:title\" content=\"Les accords mets &amp; vins de septembre | La Petite Cave du Chablais\" \/>\n<meta property=\"og:description\" content=\"Septembre marque un tournant dans nos assiettes, voici nos suggestions pour accompagner les classiques de la saison.\" \/>\n<meta property=\"og:url\" content=\"https:\/\/petitecave.ch\/de\/les-accords-mets-vins-de-septembre\/\" \/>\n<meta property=\"og:site_name\" content=\"La Petite Cave du Chablais\" \/>\n<meta property=\"article:publisher\" content=\"https:\/\/www.facebook.com\/LaPetiteCaveDuChablais\" \/>\n<meta property=\"article:published_time\" content=\"2026-08-31T15:40:16+00:00\" \/>\n<meta property=\"article:modified_time\" content=\"2026-09-01T10:04:45+00:00\" \/>\n<meta property=\"og:image\" content=\"https:\/\/petitecave.ch\/wp-content\/uploads\/2026\/08\/Croute_Champignons-2.png\" \/>\n\t<meta property=\"og:image:width\" content=\"980\" \/>\n\t<meta property=\"og:image:height\" content=\"552\" \/>\n\t<meta property=\"og:image:type\" content=\"image\/png\" \/>\n<meta name=\"author\" content=\"Gwena\u00eblle Bousquin\" \/>\n<meta name=\"twitter:card\" content=\"summary_large_image\" \/>\n<meta name=\"twitter:label1\" content=\"Geschrieben von\" \/>\n\t<meta name=\"twitter:data1\" content=\"Gwena\u00eblle Bousquin\" \/>\n\t<meta name=\"twitter:label2\" content=\"Gesch\u00e4tzte Lesezeit\" \/>\n\t<meta name=\"twitter:data2\" content=\"5\u00a0Minuten\" \/>\n<script type=\"application\/ld+json\" class=\"yoast-schema-graph\">{\"@context\":\"https:\\\/\\\/schema.org\",\"@graph\":[{\"@type\":\"Article\",\"@id\":\"https:\\\/\\\/petitecave.ch\\\/les-accords-mets-vins-de-septembre\\\/#article\",\"isPartOf\":{\"@id\":\"https:\\\/\\\/petitecave.ch\\\/les-accords-mets-vins-de-septembre\\\/\"},\"author\":{\"name\":\"Gwena\u00eblle Bousquin\",\"@id\":\"https:\\\/\\\/petitecave.ch\\\/de\\\/#\\\/schema\\\/person\\\/3eb151a5b2980e52c13d9a9a060cab86\"},\"headline\":\"Les accords mets &amp; vins de septembre\",\"datePublished\":\"2026-08-31T15:40:16+00:00\",\"dateModified\":\"2026-09-01T10:04:45+00:00\",\"mainEntityOfPage\":{\"@id\":\"https:\\\/\\\/petitecave.ch\\\/les-accords-mets-vins-de-septembre\\\/\"},\"wordCount\":739,\"commentCount\":0,\"publisher\":{\"@id\":\"https:\\\/\\\/petitecave.ch\\\/de\\\/#organization\"},\"image\":{\"@id\":\"https:\\\/\\\/petitecave.ch\\\/les-accords-mets-vins-de-septembre\\\/#primaryimage\"},\"thumbnailUrl\":\"https:\\\/\\\/petitecave.ch\\\/wp-content\\\/uploads\\\/2026\\\/08\\\/Croute_Champignons-2.png\",\"articleSection\":[\"Divers\",\"En vedette\"],\"inLanguage\":\"de-CH\",\"potentialAction\":[{\"@type\":\"CommentAction\",\"name\":\"Comment\",\"target\":[\"https:\\\/\\\/petitecave.ch\\\/les-accords-mets-vins-de-septembre\\\/#respond\"]}]},{\"@type\":\"WebPage\",\"@id\":\"https:\\\/\\\/petitecave.ch\\\/les-accords-mets-vins-de-septembre\\\/\",\"url\":\"https:\\\/\\\/petitecave.ch\\\/les-accords-mets-vins-de-septembre\\\/\",\"name\":\"Les accords mets &amp; vins de septembre | La Petite Cave du Chablais\",\"isPartOf\":{\"@id\":\"https:\\\/\\\/petitecave.ch\\\/de\\\/#website\"},\"primaryImageOfPage\":{\"@id\":\"https:\\\/\\\/petitecave.ch\\\/les-accords-mets-vins-de-septembre\\\/#primaryimage\"},\"image\":{\"@id\":\"https:\\\/\\\/petitecave.ch\\\/les-accords-mets-vins-de-septembre\\\/#primaryimage\"},\"thumbnailUrl\":\"https:\\\/\\\/petitecave.ch\\\/wp-content\\\/uploads\\\/2026\\\/08\\\/Croute_Champignons-2.png\",\"datePublished\":\"2026-08-31T15:40:16+00:00\",\"dateModified\":\"2026-09-01T10:04:45+00:00\",\"description\":\"Septembre marque un tournant dans nos assiettes, voici nos suggestions pour accompagner les classiques de la saison.\",\"breadcrumb\":{\"@id\":\"https:\\\/\\\/petitecave.ch\\\/les-accords-mets-vins-de-septembre\\\/#breadcrumb\"},\"inLanguage\":\"de-CH\",\"potentialAction\":[{\"@type\":\"ReadAction\",\"target\":[\"https:\\\/\\\/petitecave.ch\\\/les-accords-mets-vins-de-septembre\\\/\"]}]},{\"@type\":\"ImageObject\",\"inLanguage\":\"de-CH\",\"@id\":\"https:\\\/\\\/petitecave.ch\\\/les-accords-mets-vins-de-septembre\\\/#primaryimage\",\"url\":\"https:\\\/\\\/petitecave.ch\\\/wp-content\\\/uploads\\\/2026\\\/08\\\/Croute_Champignons-2.png\",\"contentUrl\":\"https:\\\/\\\/petitecave.ch\\\/wp-content\\\/uploads\\\/2026\\\/08\\\/Croute_Champignons-2.png\",\"width\":1640,\"height\":924},{\"@type\":\"BreadcrumbList\",\"@id\":\"https:\\\/\\\/petitecave.ch\\\/les-accords-mets-vins-de-septembre\\\/#breadcrumb\",\"itemListElement\":[{\"@type\":\"ListItem\",\"position\":1,\"name\":\"Accueil\",\"item\":\"https:\\\/\\\/petitecave.ch\\\/\"},{\"@type\":\"ListItem\",\"position\":2,\"name\":\"Les accords mets &amp; vins de septembre\"}]},{\"@type\":\"WebSite\",\"@id\":\"https:\\\/\\\/petitecave.ch\\\/de\\\/#website\",\"url\":\"https:\\\/\\\/petitecave.ch\\\/de\\\/\",\"name\":\"La Petite Cave du Chablais\",\"description\":\"Vins, bi\u00e8res et spiritueux en ligne !\",\"publisher\":{\"@id\":\"https:\\\/\\\/petitecave.ch\\\/de\\\/#organization\"},\"alternateName\":\"La Petite Cave\",\"potentialAction\":[{\"@type\":\"SearchAction\",\"target\":{\"@type\":\"EntryPoint\",\"urlTemplate\":\"https:\\\/\\\/petitecave.ch\\\/de\\\/?s={search_term_string}\"},\"query-input\":{\"@type\":\"PropertyValueSpecification\",\"valueRequired\":true,\"valueName\":\"search_term_string\"}}],\"inLanguage\":\"de-CH\"},{\"@type\":\"Organization\",\"@id\":\"https:\\\/\\\/petitecave.ch\\\/de\\\/#organization\",\"name\":\"La Petite Cave du Chablais S\u00e0rl\",\"url\":\"https:\\\/\\\/petitecave.ch\\\/de\\\/\",\"logo\":{\"@type\":\"ImageObject\",\"inLanguage\":\"de-CH\",\"@id\":\"https:\\\/\\\/petitecave.ch\\\/de\\\/#\\\/schema\\\/logo\\\/image\\\/\",\"url\":\"https:\\\/\\\/petitecave.ch\\\/wp-content\\\/uploads\\\/2025\\\/10\\\/petitecavelogo-removebg-preview.png\",\"contentUrl\":\"https:\\\/\\\/petitecave.ch\\\/wp-content\\\/uploads\\\/2025\\\/10\\\/petitecavelogo-removebg-preview.png\",\"width\":800,\"height\":200,\"caption\":\"La Petite Cave du Chablais S\u00e0rl\"},\"image\":{\"@id\":\"https:\\\/\\\/petitecave.ch\\\/de\\\/#\\\/schema\\\/logo\\\/image\\\/\"},\"sameAs\":[\"https:\\\/\\\/www.facebook.com\\\/LaPetiteCaveDuChablais\",\"https:\\\/\\\/www.instagram.com\\\/lapetitecaveduchablais\",\"https:\\\/\\\/www.linkedin.com\\\/company\\\/la-petite-cave-du-chablais\"]},{\"@type\":\"Person\",\"@id\":\"https:\\\/\\\/petitecave.ch\\\/de\\\/#\\\/schema\\\/person\\\/3eb151a5b2980e52c13d9a9a060cab86\",\"name\":\"Gwena\u00eblle Bousquin\",\"image\":{\"@type\":\"ImageObject\",\"inLanguage\":\"de-CH\",\"@id\":\"https:\\\/\\\/secure.gravatar.com\\\/avatar\\\/54477bc9153c947e1d88fefd96931eb222c9c13ea581a0665afb2cb38990cb1d?s=96&d=mm&r=g\",\"url\":\"https:\\\/\\\/secure.gravatar.com\\\/avatar\\\/54477bc9153c947e1d88fefd96931eb222c9c13ea581a0665afb2cb38990cb1d?s=96&d=mm&r=g\",\"contentUrl\":\"https:\\\/\\\/secure.gravatar.com\\\/avatar\\\/54477bc9153c947e1d88fefd96931eb222c9c13ea581a0665afb2cb38990cb1d?s=96&d=mm&r=g\",\"caption\":\"Gwena\u00eblle Bousquin\"},\"url\":\"https:\\\/\\\/petitecave.ch\\\/de\\\/author\\\/gwenpetitecave-ch\\\/\"}]}<\/script>\n<!-- \/ Yoast SEO plugin. -->","yoast_head_json":{"title":"Les accords mets &amp; vins de septembre | La Petite Cave du Chablais","description":"Septembre marque un tournant dans nos assiettes, voici nos suggestions pour accompagner les classiques de la saison.","robots":{"index":"index","follow":"follow","max-snippet":"max-snippet:-1","max-image-preview":"max-image-preview:large","max-video-preview":"max-video-preview:-1"},"canonical":"https:\/\/petitecave.ch\/de\/les-accords-mets-vins-de-septembre\/","og_locale":"de_DE","og_type":"article","og_title":"Les accords mets &amp; vins de septembre | La Petite Cave du Chablais","og_description":"Septembre marque un tournant dans nos assiettes, voici nos suggestions pour accompagner les classiques de la saison.","og_url":"https:\/\/petitecave.ch\/de\/les-accords-mets-vins-de-septembre\/","og_site_name":"La Petite Cave du Chablais","article_publisher":"https:\/\/www.facebook.com\/LaPetiteCaveDuChablais","article_published_time":"2026-08-31T15:40:16+00:00","article_modified_time":"2026-09-01T10:04:45+00:00","og_image":[{"url":"https:\/\/petitecave.ch\/wp-content\/uploads\/2026\/08\/Croute_Champignons-2.png","width":980,"height":552,"type":"image\/png"}],"author":"Gwena\u00eblle Bousquin","twitter_card":"summary_large_image","twitter_misc":{"Geschrieben von":"Gwena\u00eblle Bousquin","Gesch\u00e4tzte Lesezeit":"5\u00a0Minuten"},"schema":{"@context":"https:\/\/schema.org","@graph":[{"@type":"Article","@id":"https:\/\/petitecave.ch\/les-accords-mets-vins-de-septembre\/#article","isPartOf":{"@id":"https:\/\/petitecave.ch\/les-accords-mets-vins-de-septembre\/"},"author":{"name":"Gwena\u00eblle Bousquin","@id":"https:\/\/petitecave.ch\/de\/#\/schema\/person\/3eb151a5b2980e52c13d9a9a060cab86"},"headline":"Les accords mets &amp; vins de septembre","datePublished":"2026-08-31T15:40:16+00:00","dateModified":"2026-09-01T10:04:45+00:00","mainEntityOfPage":{"@id":"https:\/\/petitecave.ch\/les-accords-mets-vins-de-septembre\/"},"wordCount":739,"commentCount":0,"publisher":{"@id":"https:\/\/petitecave.ch\/de\/#organization"},"image":{"@id":"https:\/\/petitecave.ch\/les-accords-mets-vins-de-septembre\/#primaryimage"},"thumbnailUrl":"https:\/\/petitecave.ch\/wp-content\/uploads\/2026\/08\/Croute_Champignons-2.png","articleSection":["Divers","En vedette"],"inLanguage":"de-CH","potentialAction":[{"@type":"CommentAction","name":"Comment","target":["https:\/\/petitecave.ch\/les-accords-mets-vins-de-septembre\/#respond"]}]},{"@type":"WebPage","@id":"https:\/\/petitecave.ch\/les-accords-mets-vins-de-septembre\/","url":"https:\/\/petitecave.ch\/les-accords-mets-vins-de-septembre\/","name":"Les accords mets &amp; vins de septembre | La Petite Cave du Chablais","isPartOf":{"@id":"https:\/\/petitecave.ch\/de\/#website"},"primaryImageOfPage":{"@id":"https:\/\/petitecave.ch\/les-accords-mets-vins-de-septembre\/#primaryimage"},"image":{"@id":"https:\/\/petitecave.ch\/les-accords-mets-vins-de-septembre\/#primaryimage"},"thumbnailUrl":"https:\/\/petitecave.ch\/wp-content\/uploads\/2026\/08\/Croute_Champignons-2.png","datePublished":"2026-08-31T15:40:16+00:00","dateModified":"2026-09-01T10:04:45+00:00","description":"Septembre marque un tournant dans nos assiettes, voici nos suggestions pour accompagner les classiques de la saison.","breadcrumb":{"@id":"https:\/\/petitecave.ch\/les-accords-mets-vins-de-septembre\/#breadcrumb"},"inLanguage":"de-CH","potentialAction":[{"@type":"ReadAction","target":["https:\/\/petitecave.ch\/les-accords-mets-vins-de-septembre\/"]}]},{"@type":"ImageObject","inLanguage":"de-CH","@id":"https:\/\/petitecave.ch\/les-accords-mets-vins-de-septembre\/#primaryimage","url":"https:\/\/petitecave.ch\/wp-content\/uploads\/2026\/08\/Croute_Champignons-2.png","contentUrl":"https:\/\/petitecave.ch\/wp-content\/uploads\/2026\/08\/Croute_Champignons-2.png","width":1640,"height":924},{"@type":"BreadcrumbList","@id":"https:\/\/petitecave.ch\/les-accords-mets-vins-de-septembre\/#breadcrumb","itemListElement":[{"@type":"ListItem","position":1,"name":"Accueil","item":"https:\/\/petitecave.ch\/"},{"@type":"ListItem","position":2,"name":"Les accords mets &amp; vins de septembre"}]},{"@type":"WebSite","@id":"https:\/\/petitecave.ch\/de\/#website","url":"https:\/\/petitecave.ch\/de\/","name":"Die kleine Keller des Chablais","description":"Vins, bi\u00e8res et spiritueux en ligne !","publisher":{"@id":"https:\/\/petitecave.ch\/de\/#organization"},"alternateName":"La Petite Cave","potentialAction":[{"@type":"SearchAction","target":{"@type":"EntryPoint","urlTemplate":"https:\/\/petitecave.ch\/de\/?s={search_term_string}"},"query-input":{"@type":"PropertyValueSpecification","valueRequired":true,"valueName":"search_term_string"}}],"inLanguage":"de-CH"},{"@type":"Organization","@id":"https:\/\/petitecave.ch\/de\/#organization","name":"La Petite Cave du Chablais S\u00e0rl","url":"https:\/\/petitecave.ch\/de\/","logo":{"@type":"ImageObject","inLanguage":"de-CH","@id":"https:\/\/petitecave.ch\/de\/#\/schema\/logo\/image\/","url":"https:\/\/petitecave.ch\/wp-content\/uploads\/2025\/10\/petitecavelogo-removebg-preview.png","contentUrl":"https:\/\/petitecave.ch\/wp-content\/uploads\/2025\/10\/petitecavelogo-removebg-preview.png","width":800,"height":200,"caption":"La Petite Cave du Chablais S\u00e0rl"},"image":{"@id":"https:\/\/petitecave.ch\/de\/#\/schema\/logo\/image\/"},"sameAs":["https:\/\/www.facebook.com\/LaPetiteCaveDuChablais","https:\/\/www.instagram.com\/lapetitecaveduchablais","https:\/\/www.linkedin.com\/company\/la-petite-cave-du-chablais"]},{"@type":"Person","@id":"https:\/\/petitecave.ch\/de\/#\/schema\/person\/3eb151a5b2980e52c13d9a9a060cab86","name":"Gwena\u00eblle Bousquin","image":{"@type":"ImageObject","inLanguage":"de-CH","@id":"https:\/\/secure.gravatar.com\/avatar\/54477bc9153c947e1d88fefd96931eb222c9c13ea581a0665afb2cb38990cb1d?s=96&d=mm&r=g","url":"https:\/\/secure.gravatar.com\/avatar\/54477bc9153c947e1d88fefd96931eb222c9c13ea581a0665afb2cb38990cb1d?s=96&d=mm&r=g","contentUrl":"https:\/\/secure.gravatar.com\/avatar\/54477bc9153c947e1d88fefd96931eb222c9c13ea581a0665afb2cb38990cb1d?s=96&d=mm&r=g","caption":"Gwena\u00eblle Bousquin"},"url":"https:\/\/petitecave.ch\/de\/author\/gwenpetitecave-ch\/"}]}},"_links":{"self":[{"href":"https:\/\/petitecave.ch\/de\/wp-json\/wp\/v2\/posts\/20575","targetHints":{"allow":["GET"]}}],"collection":[{"href":"https:\/\/petitecave.ch\/de\/wp-json\/wp\/v2\/posts"}],"about":[{"href":"https:\/\/petitecave.ch\/de\/wp-json\/wp\/v2\/types\/post"}],"author":[{"embeddable":true,"href":"https:\/\/petitecave.ch\/de\/wp-json\/wp\/v2\/users\/2"}],"replies":[{"embeddable":true,"href":"https:\/\/petitecave.ch\/de\/wp-json\/wp\/v2\/comments?post=20575"}],"version-history":[{"count":27,"href":"https:\/\/petitecave.ch\/de\/wp-json\/wp\/v2\/posts\/20575\/revisions"}],"predecessor-version":[{"id":20620,"href":"https:\/\/petitecave.ch\/de\/wp-json\/wp\/v2\/posts\/20575\/revisions\/20620"}],"wp:featuredmedia":[{"embeddable":true,"href":"https:\/\/petitecave.ch\/de\/wp-json\/wp\/v2\/media\/20580"}],"wp:attachment":[{"href":"https:\/\/petitecave.ch\/de\/wp-json\/wp\/v2\/media?parent=20575"}],"wp:term":[{"taxonomy":"category","embeddable":true,"href":"https:\/\/petitecave.ch\/de\/wp-json\/wp\/v2\/categories?post=20575"},{"taxonomy":"post_tag","embeddable":true,"href":"https:\/\/petitecave.ch\/de\/wp-json\/wp\/v2\/tags?post=20575"}],"curies":[{"name":"wp","href":"https:\/\/api.w.org\/{rel}","templated":true}]}}